{"id":16379,"date":"2023-11-03T16:23:12","date_gmt":"2023-11-03T15:23:12","guid":{"rendered":"https:\/\/inmood.prodecopharma.com\/sin-categoria\/psicologia-holistica-la-vision-de-la-medicina-integrada\/"},"modified":"2025-08-04T12:45:01","modified_gmt":"2025-08-04T10:45:01","slug":"psicologia-holistica-la-vision-de-la-medicina-integrada","status":"publish","type":"post","link":"https:\/\/inmood.prodecopharma.com\/es\/ansiedad\/psicologia-holistica-la-vision-de-la-medicina-integrada\/","title":{"rendered":"Psicolog\u00eda hol\u00edstica: la visi\u00f3n de la medicina integrada"},"content":{"rendered":"\t\t<div data-elementor-type=\"wp-post\" data-elementor-id=\"16379\" class=\"elementor elementor-16379 elementor-4808\" data-elementor-post-type=\"post\">\n\t\t\t\t\t\t<section class=\"elementor-section elementor-top-section elementor-element elementor-element-c786793 elementor-section-full_width overlay-inmood elementor-section-height-default elementor-section-height-default\" data-id=\"c786793\" data-element_type=\"section\" data-e-type=\"section\" data-settings=\"{&quot;background_background&quot;:&quot;classic&quot;}\">\n\t\t\t\t\t\t\t<div class=\"elementor-background-overlay\"><\/div>\n\t\t\t\t\t\t\t<div class=\"elementor-container elementor-column-gap-default\">\n\t\t\t\t\t<div class=\"elementor-column elementor-col-100 elementor-top-column elementor-element elementor-element-374e48a\" data-id=\"374e48a\" data-element_type=\"column\" data-e-type=\"column\">\n\t\t\t<div class=\"elementor-widget-wrap elementor-element-populated\">\n\t\t\t\t\t\t<section class=\"elementor-section elementor-inner-section elementor-element elementor-element-1eaed7d elementor-section-full_width light-backdrop-filter elementor-section-height-default elementor-section-height-default\" data-id=\"1eaed7d\" data-element_type=\"section\" data-e-type=\"section\" data-settings=\"{&quot;background_background&quot;:&quot;classic&quot;}\">\n\t\t\t\t\t\t<div class=\"elementor-container elementor-column-gap-default\">\n\t\t\t\t\t<div class=\"elementor-column elementor-col-100 elementor-inner-column elementor-element elementor-element-0fd1484\" data-id=\"0fd1484\" data-element_type=\"column\" data-e-type=\"column\">\n\t\t\t<div class=\"elementor-widget-wrap elementor-element-populated\">\n\t\t\t\t\t\t<div class=\"elementor-element elementor-element-1b9c9c5 elementor-widget elementor-widget-heading\" data-id=\"1b9c9c5\" data-element_type=\"widget\" data-e-type=\"widget\" data-widget_type=\"heading.default\">\n\t\t\t\t<div class=\"elementor-widget-container\">\n\t\t\t\t\t<h1 class=\"elementor-heading-title elementor-size-default\">Psicolog\u00eda hol\u00edstica: la visi\u00f3n de la medicina integrada\n<\/h1>\t\t\t\t<\/div>\n\t\t\t\t<\/div>\n\t\t\t\t<div class=\"elementor-element elementor-element-0aaea90 elementor-widget elementor-widget-text-editor\" data-id=\"0aaea90\" data-element_type=\"widget\" data-e-type=\"widget\" data-widget_type=\"text-editor.default\">\n\t\t\t\t<div class=\"elementor-widget-container\">\n\t\t\t\t\t\t\t\t\t<p>Tiempo de lectura: 6 minutos<\/p>\t\t\t\t\t\t\t\t<\/div>\n\t\t\t\t<\/div>\n\t\t\t\t\t<\/div>\n\t\t<\/div>\n\t\t\t\t\t<\/div>\n\t\t<\/section>\n\t\t\t\t\t<\/div>\n\t\t<\/div>\n\t\t\t\t\t<\/div>\n\t\t<\/section>\n\t\t\t\t<section class=\"elementor-section elementor-top-section elementor-element elementor-element-d964a97 elementor-section-full_width elementor-section-height-default elementor-section-height-default\" data-id=\"d964a97\" data-element_type=\"section\" data-e-type=\"section\">\n\t\t\t\t\t\t<div class=\"elementor-container elementor-column-gap-default\">\n\t\t\t\t\t<div class=\"elementor-column elementor-col-100 elementor-top-column elementor-element elementor-element-31befa7\" data-id=\"31befa7\" data-element_type=\"column\" data-e-type=\"column\">\n\t\t\t<div class=\"elementor-widget-wrap elementor-element-populated\">\n\t\t\t\t\t\t<div class=\"elementor-element elementor-element-c3a146d elementor-toc--minimized-on-tablet elementor-widget elementor-widget-table-of-contents\" data-id=\"c3a146d\" data-element_type=\"widget\" data-e-type=\"widget\" data-settings=\"{&quot;exclude_headings_by_selector&quot;:[],&quot;no_headings_message&quot;:&quot;Non sono state trovate intestazioni in questa pagina.&quot;,&quot;headings_by_tags&quot;:[&quot;h2&quot;,&quot;h3&quot;,&quot;h4&quot;,&quot;h5&quot;,&quot;h6&quot;],&quot;marker_view&quot;:&quot;numbers&quot;,&quot;minimize_box&quot;:&quot;yes&quot;,&quot;minimized_on&quot;:&quot;tablet&quot;,&quot;hierarchical_view&quot;:&quot;yes&quot;,&quot;min_height&quot;:{&quot;unit&quot;:&quot;px&quot;,&quot;size&quot;:&quot;&quot;,&quot;sizes&quot;:[]},&quot;min_height_tablet&quot;:{&quot;unit&quot;:&quot;px&quot;,&quot;size&quot;:&quot;&quot;,&quot;sizes&quot;:[]},&quot;min_height_mobile&quot;:{&quot;unit&quot;:&quot;px&quot;,&quot;size&quot;:&quot;&quot;,&quot;sizes&quot;:[]}}\" data-widget_type=\"table-of-contents.default\">\n\t\t\t\t<div class=\"elementor-widget-container\">\n\t\t\t\t\t\t\t\t\t<div class=\"elementor-toc__header\">\n\t\t\t\t\t\t<div class=\"elementor-toc__header-title\">\n\t\t\t\t\u00cdndice\t\t\t<\/div>\n\t\t\t\t\t\t\t\t\t\t<div class=\"elementor-toc__toggle-button elementor-toc__toggle-button--expand\" role=\"button\" tabindex=\"0\" aria-controls=\"elementor-toc__c3a146d\" aria-expanded=\"true\" aria-label=\"Abrir la tabla de contenidos\"><i aria-hidden=\"true\" class=\"fas fa-chevron-down\"><\/i><\/div>\n\t\t\t\t<div class=\"elementor-toc__toggle-button elementor-toc__toggle-button--collapse\" role=\"button\" tabindex=\"0\" aria-controls=\"elementor-toc__c3a146d\" aria-expanded=\"true\" aria-label=\"Cerrar la tabla de contenidos\"><i aria-hidden=\"true\" class=\"fas fa-chevron-up\"><\/i><\/div>\n\t\t\t\t\t<\/div>\n\t\t\t\t<div id=\"elementor-toc__c3a146d\" class=\"elementor-toc__body\">\n\t\t\t<div class=\"elementor-toc__spinner-container\">\n\t\t\t\t<i class=\"elementor-toc__spinner eicon-animation-spin eicon-loading\" aria-hidden=\"true\"><\/i>\t\t\t<\/div>\n\t\t<\/div>\n\t\t\t\t\t\t<\/div>\n\t\t\t\t<\/div>\n\t\t\t\t\t<\/div>\n\t\t<\/div>\n\t\t\t\t\t<\/div>\n\t\t<\/section>\n\t\t\t\t<section class=\"elementor-section elementor-top-section elementor-element elementor-element-52ed022 elementor-section-full_width elementor-section-height-default elementor-section-height-default\" data-id=\"52ed022\" data-element_type=\"section\" data-e-type=\"section\">\n\t\t\t\t\t\t<div class=\"elementor-container elementor-column-gap-default\">\n\t\t\t\t\t<div class=\"elementor-column elementor-col-100 elementor-top-column elementor-element elementor-element-4ce9307\" data-id=\"4ce9307\" data-element_type=\"column\" data-e-type=\"column\">\n\t\t\t<div class=\"elementor-widget-wrap elementor-element-populated\">\n\t\t\t\t\t\t<section class=\"elementor-section elementor-inner-section elementor-element elementor-element-d125924 elementor-section-full_width elementor-section-content-middle elementor-section-height-default elementor-section-height-default\" data-id=\"d125924\" data-element_type=\"section\" data-e-type=\"section\">\n\t\t\t\t\t\t<div class=\"elementor-container elementor-column-gap-default\">\n\t\t\t\t\t<div class=\"elementor-column elementor-col-50 elementor-inner-column elementor-element elementor-element-9dc8f22\" data-id=\"9dc8f22\" data-element_type=\"column\" data-e-type=\"column\">\n\t\t\t<div class=\"elementor-widget-wrap elementor-element-populated\">\n\t\t\t\t\t\t<div class=\"elementor-element elementor-element-deceeb8 elementor-widget elementor-widget-text-editor\" data-id=\"deceeb8\" data-element_type=\"widget\" data-e-type=\"widget\" data-widget_type=\"text-editor.default\">\n\t\t\t\t<div class=\"elementor-widget-container\">\n\t\t\t\t\t\t\t\t\t<p><span style=\"font-weight: 400;\">\u00bfCu\u00e1l es el signo distintivo del mundo en que vivimos?<br \/><br \/><\/span><span style=\"font-weight: 400;\">Como psicoterapeuta, me gustar\u00eda responder con toda sinceridad: el <\/span><b>malestar ps\u00edquico<\/b><span style=\"font-weight: 400;\">. Un problema que siempre ha existido, pero que ahora emerge con toda su fuerza y variedad.<br \/><br \/><\/span><span style=\"font-weight: 400;\">La pandemia ha contribuido a sensibilizar sobre el sufrimiento, a hacer necesario darle un nombre y aceptar que pertenece constitutivamente a nuestro tiempo, a la llamada <\/span><b>normalidad<\/b><span style=\"font-weight: 400;\">.<br \/><br \/><\/span> <span style=\"font-weight: 400;\">La <\/span><b>ansiedad<\/b><span style=\"font-weight: 400;\">, la <\/span><b>disminuci\u00f3n del estado de \u00e1nimo<\/b><span style=\"font-weight: 400;\">, la <\/span><b>depresi\u00f3n<\/b><span style=\"font-weight: 400;\">, la <\/span><b>agitaci\u00f3n<\/b><span style=\"font-weight: 400;\">, el <\/span><b>p\u00e1nico<\/b><span style=\"font-weight: 400;\">, son estados muy extendidos en nuestra sociedad: sin embargo, la sociedad de los ganadores no admite que se pueda sufrir, porque sufrir es de perdedores, uno se averg\u00fcenza de sufrir, hay que deshacerse del sufrimiento por cualquier medio.<\/span><\/p>\t\t\t\t\t\t\t\t<\/div>\n\t\t\t\t<\/div>\n\t\t\t\t\t<\/div>\n\t\t<\/div>\n\t\t\t\t<div class=\"elementor-column elementor-col-50 elementor-inner-column elementor-element elementor-element-3387901\" data-id=\"3387901\" data-element_type=\"column\" data-e-type=\"column\">\n\t\t\t<div class=\"elementor-widget-wrap elementor-element-populated\">\n\t\t\t\t\t\t<div class=\"elementor-element elementor-element-03865cf elementor-widget elementor-widget-image\" data-id=\"03865cf\" data-element_type=\"widget\" data-e-type=\"widget\" data-widget_type=\"image.default\">\n\t\t\t\t<div class=\"elementor-widget-container\">\n\t\t\t\t\t\t\t\t\t\t\t\t\t\t\t<img fetchpriority=\"high\" decoding=\"async\" width=\"800\" height=\"532\" src=\"https:\/\/inmood.prodecopharma.com\/wp-content\/uploads\/2023\/10\/approccio-olistico-psicoterapia-1024x681.jpg\" class=\"attachment-large size-large wp-image-15468\" alt=\"psicoterapeuta olistica e paziente\" srcset=\"https:\/\/inmood.prodecopharma.com\/wp-content\/uploads\/2023\/10\/approccio-olistico-psicoterapia-1024x681.jpg 1024w, https:\/\/inmood.prodecopharma.com\/wp-content\/uploads\/2023\/10\/approccio-olistico-psicoterapia-300x200.jpg 300w, https:\/\/inmood.prodecopharma.com\/wp-content\/uploads\/2023\/10\/approccio-olistico-psicoterapia-768x511.jpg 768w, https:\/\/inmood.prodecopharma.com\/wp-content\/uploads\/2023\/10\/approccio-olistico-psicoterapia-1536x1022.jpg 1536w, https:\/\/inmood.prodecopharma.com\/wp-content\/uploads\/2023\/10\/approccio-olistico-psicoterapia.jpg 1620w\" sizes=\"(max-width: 800px) 100vw, 800px\" \/>\t\t\t\t\t\t\t\t\t\t\t\t\t\t\t<\/div>\n\t\t\t\t<\/div>\n\t\t\t\t\t<\/div>\n\t\t<\/div>\n\t\t\t\t\t<\/div>\n\t\t<\/section>\n\t\t\t\t<div class=\"elementor-element elementor-element-636367b elementor-widget elementor-widget-text-editor\" data-id=\"636367b\" data-element_type=\"widget\" data-e-type=\"widget\" data-widget_type=\"text-editor.default\">\n\t\t\t\t<div class=\"elementor-widget-container\">\n\t\t\t\t\t\t\t\t\t<p><span style=\"font-weight: 400;\">De hecho, pensamos que la molestia ps\u00edquica contempor\u00e1nea nos indica <\/span><b>la naturaleza m\u00e1s \u00edntima de nuestra \u00e9poca<\/b><span style=\"font-weight: 400;\">, y que est\u00e1 relacionada con el esp\u00edritu de la \u00e9poca, con las incomodidades relacionadas con el estilo de vida, con los cambios en la familia, con c\u00f3mo nos alimentamos, con c\u00f3mo vivimos nuestro cuerpo y con c\u00f3mo nos relacionamos con los otros seres vivos.<\/span><\/p><p><span style=\"font-weight: 400;\">Por tanto, el sufrimiento tiene un significado, est\u00e1 relacionado con <\/span>la <b>fatiga <\/b><span style=\"font-weight: 400;\">de vivir, con la <\/span><b>incomodidad <\/b><span style=\"font-weight: 400;\">de no encajar en muchos estereotipos, con el hecho de <\/span><b>no poder conseguir que se acepte<\/b><span style=\"font-weight: 400;\"> nuestra diversidad.<\/span><\/p><p><span style=\"font-weight: 400;\">A menudo, <\/span><b>la medicina convencional s\u00f3lo reconoce el s\u00edntoma<\/b><span style=\"font-weight: 400;\"> y para cada s\u00edntoma propone un diagn\u00f3stico, mientras que para cada diagn\u00f3stico hay una cura farmacol\u00f3gica. Seg\u00fan esta visi\u00f3n, el malestar ps\u00edquico es efecto de causas biol\u00f3gicas, proviene de un cerebro &#8220;averiado&#8221;, como si fuera un motor que no funciona y que hay que reparar, y la cura es farmacol\u00f3gica: en realidad, <\/span><b>el psicof\u00e1rmaco es s\u00f3lo una de las herramientas de que dispone el terapeuta.<\/b><\/p><p><span style=\"font-weight: 400;\">De hecho, el sufrimiento debe ser <b>escuchado<\/b>, es necesario <b>reconocerlo<\/b>, <b>comprenderlo<\/b>, sentir lo que nos afecta y no tratar simplemente de suprimirlo.<\/span><\/p><p>El enfoque hol\u00edstico en psicolog\u00eda es <b>una nueva herramienta<\/b><span style=\"font-weight: 400;\"> para afrontar todo esto, debe adaptarse a la compleja dimensi\u00f3n del s\u00edntoma ps\u00edquico, una dimensi\u00f3n que concierne al estado global del individuo-paciente que sufre, que no duerme, que se siente inadecuado, que no se gusta a s\u00ed mismo, que no consigue sentirse aceptado tal como es.<\/span><\/p>\t\t\t\t\t\t\t\t<\/div>\n\t\t\t\t<\/div>\n\t\t\t\t\t<\/div>\n\t\t<\/div>\n\t\t\t\t\t<\/div>\n\t\t<\/section>\n\t\t\t\t<section class=\"elementor-section elementor-top-section elementor-element elementor-element-65a4fb8 elementor-section-full_width elementor-section-height-default elementor-section-height-default\" data-id=\"65a4fb8\" data-element_type=\"section\" data-e-type=\"section\">\n\t\t\t\t\t\t<div class=\"elementor-container elementor-column-gap-default\">\n\t\t\t\t\t<div class=\"elementor-column elementor-col-100 elementor-top-column elementor-element elementor-element-bd64a03\" data-id=\"bd64a03\" data-element_type=\"column\" data-e-type=\"column\">\n\t\t\t<div class=\"elementor-widget-wrap elementor-element-populated\">\n\t\t\t\t\t\t<div class=\"elementor-element elementor-element-d898206 elementor-widget elementor-widget-heading\" data-id=\"d898206\" data-element_type=\"widget\" data-e-type=\"widget\" data-widget_type=\"heading.default\">\n\t\t\t\t<div class=\"elementor-widget-container\">\n\t\t\t\t\t<h2 class=\"elementor-heading-title elementor-size-default\">Qu\u00e9 es la psicolog\u00eda hol\u00edstica<\/h2>\t\t\t\t<\/div>\n\t\t\t\t<\/div>\n\t\t\t\t<section class=\"elementor-section elementor-inner-section elementor-element elementor-element-eb5aa42 elementor-section-full_width elementor-section-content-middle elementor-section-height-default elementor-section-height-default\" data-id=\"eb5aa42\" data-element_type=\"section\" data-e-type=\"section\">\n\t\t\t\t\t\t<div class=\"elementor-container elementor-column-gap-default\">\n\t\t\t\t\t<div class=\"elementor-column elementor-col-50 elementor-inner-column elementor-element elementor-element-0f7fd1a\" data-id=\"0f7fd1a\" data-element_type=\"column\" data-e-type=\"column\">\n\t\t\t<div class=\"elementor-widget-wrap elementor-element-populated\">\n\t\t\t\t\t\t<div class=\"elementor-element elementor-element-9f7256f elementor-widget elementor-widget-text-editor\" data-id=\"9f7256f\" data-element_type=\"widget\" data-e-type=\"widget\" data-widget_type=\"text-editor.default\">\n\t\t\t\t<div class=\"elementor-widget-container\">\n\t\t\t\t\t\t\t\t\t<p><span style=\"font-weight: 400;\">Una perspectiva que podr\u00eda describirse como hol\u00edstica es una <\/span><b>psicolog\u00eda del bienestar global<\/b><span style=\"font-weight: 400;\">, que <\/span><b>ve a la persona en su totalidad y complejidad<\/b><span style=\"font-weight: 400;\">. <\/span><i><span style=\"font-weight: 400;\">Olos<\/span><\/i><span style=\"font-weight: 400;\"> significa de hecho &#8220;global&#8221;, que lo abarca todo.<\/span><\/p><p><span style=\"font-weight: 400;\">En realidad, esta definici\u00f3n engloba todos los enfoques, incluido el cient\u00edfico cl\u00e1sico, y presta especial atenci\u00f3n a los aspectos <\/span><b>psicol\u00f3gicos<\/b><span style=\"font-weight: 400;\">, <\/span><b>biogr\u00e1ficos y <\/b><b>sociales <\/b> <span style=\"font-weight: 400;\">de la persona. En cierto modo, contrasta con la visi\u00f3n superespecializada y compartimentada, que s\u00f3lo ve la enfermedad y nunca a la persona enferma. <\/span><\/p>\t\t\t\t\t\t\t\t<\/div>\n\t\t\t\t<\/div>\n\t\t\t\t\t<\/div>\n\t\t<\/div>\n\t\t\t\t<div class=\"elementor-column elementor-col-50 elementor-inner-column elementor-element elementor-element-799da5d\" data-id=\"799da5d\" data-element_type=\"column\" data-e-type=\"column\">\n\t\t\t<div class=\"elementor-widget-wrap elementor-element-populated\">\n\t\t\t\t\t\t<div class=\"elementor-element elementor-element-f86edc3 elementor-widget elementor-widget-image\" data-id=\"f86edc3\" data-element_type=\"widget\" data-e-type=\"widget\" data-widget_type=\"image.default\">\n\t\t\t\t<div class=\"elementor-widget-container\">\n\t\t\t\t\t\t\t\t\t\t\t\t\t\t\t<img decoding=\"async\" width=\"800\" height=\"534\" src=\"https:\/\/inmood.prodecopharma.com\/wp-content\/uploads\/2023\/10\/approccio-olistico-ascolto-1024x683.jpg\" class=\"attachment-large size-large wp-image-15469\" alt=\"persona in meditazione all&#039;aperto\" srcset=\"https:\/\/inmood.prodecopharma.com\/wp-content\/uploads\/2023\/10\/approccio-olistico-ascolto-1024x683.jpg 1024w, https:\/\/inmood.prodecopharma.com\/wp-content\/uploads\/2023\/10\/approccio-olistico-ascolto-300x200.jpg 300w, https:\/\/inmood.prodecopharma.com\/wp-content\/uploads\/2023\/10\/approccio-olistico-ascolto-768x512.jpg 768w, https:\/\/inmood.prodecopharma.com\/wp-content\/uploads\/2023\/10\/approccio-olistico-ascolto-1536x1024.jpg 1536w, https:\/\/inmood.prodecopharma.com\/wp-content\/uploads\/2023\/10\/approccio-olistico-ascolto.jpg 1620w\" sizes=\"(max-width: 800px) 100vw, 800px\" \/>\t\t\t\t\t\t\t\t\t\t\t\t\t\t\t<\/div>\n\t\t\t\t<\/div>\n\t\t\t\t\t<\/div>\n\t\t<\/div>\n\t\t\t\t\t<\/div>\n\t\t<\/section>\n\t\t\t\t<div class=\"elementor-element elementor-element-9892870 elementor-widget elementor-widget-text-editor\" data-id=\"9892870\" data-element_type=\"widget\" data-e-type=\"widget\" data-widget_type=\"text-editor.default\">\n\t\t\t\t<div class=\"elementor-widget-container\">\n\t\t\t\t\t\t\t\t\t<p><span style=\"font-weight: 400;\">En el fondo, muchos de nosotros tenemos cierta desconfianza hacia los f\u00e1rmacos y su uso demasiado casual, y reconocemos la <\/span><b>necesidad de mantener un di\u00e1logo real con el m\u00e9dico<\/b>, una <span style=\"font-weight: 400;\">escucha de calidad: ser acogidos y mirados a los ojos.<br \/><br \/><\/span> <span style=\"font-weight: 400;\">Estar cerca de una persona que sufre significa <\/span><b>escuchar todos sus mensajes<\/b><span style=\"font-weight: 400;\">, no s\u00f3lo los verbales.<br \/><br \/><\/span> <span style=\"font-weight: 400;\">La comunicaci\u00f3n pasa por varios niveles de nuestra identidad, de qui\u00e9n somos realmente, y el terapeuta deber\u00eda ser capaz de evaluar las se\u00f1ales, los bloqueos, los &#8220;atascos&#8221; que el <\/span><b>sistema mente-cuerpo<\/b><span style=\"font-weight: 400;\"> manifiesta.<br \/><br \/><\/span><span style=\"font-weight: 400;\">Para el psic\u00f3logo hol\u00edstico,<\/span><b> cerebro<\/b><span style=\"font-weight: 400;\">,<\/span><b> intestino<\/b><span style=\"font-weight: 400;\">,<\/span><b> respiraci\u00f3n<\/b><span style=\"font-weight: 400;\">,<\/span><b> coraz\u00f3n<\/b><span style=\"font-weight: 400;\">,<\/span><b> postura<\/b><span style=\"font-weight: 400;\"> hablan entre s\u00ed y se comunican con el mundo exterior.<br \/><br \/><\/span> <span style=\"font-weight: 400;\">A estas alturas ya sabemos que todo nuestro cuerpo est\u00e1 entretejido de neuronas, como si en realidad nuestro cerebro estuviera distribuido por todas partes. En este sentido, las emociones circulan continuamente y un flujo de informaci\u00f3n recorre <\/span><b>nuestro YO<\/b><span style=\"font-weight: 400;\"> transportando sensaciones y recuerdos. <br \/><br \/><\/span> <span style=\"font-weight: 400;\">El YO es el sistema que nos distingue, el concepto que sustituye al antiguo YO, un todo complejo que incluye los aspectos <\/span><b>psicol\u00f3gicos<\/b><span style=\"font-weight: 400;\">, <\/span><b>biol\u00f3gicos, <\/b><span style=\"font-weight: 400;\">la<\/span><b> relaci\u00f3n con el entorno y con los dem\u00e1s, <\/b><span style=\"font-weight: 400;\">la <\/span><b>alimentaci\u00f3n, <\/b><span style=\"font-weight: 400;\">la <\/span><b>naturaleza <\/b>y\u00a0<b>todos los seres vivos<\/b><span style=\"font-weight: 400;\">.<br \/><br \/><\/span><span style=\"font-weight: 400;\">No somos una m\u00e1quina hecha de carne que s\u00f3lo reparamos cuando se estropea, ni el cerebro es la unidad de control que \u00fanicamente produce las emociones y dirige y controla el cuerpo.<br \/><br \/><\/span><span style=\"font-weight: 400;\">Lamentablemente, esta visi\u00f3n materialista ha contribuido a menudo a <\/span><b>eliminar el puente de la comunicaci\u00f3n entre el paciente y el m\u00e9dico, <\/b><span style=\"font-weight: 400;\">ya que excluye todos los componentes psicol\u00f3gicos y emocionales.<\/span><\/p>\t\t\t\t\t\t\t\t<\/div>\n\t\t\t\t<\/div>\n\t\t\t\t\t<\/div>\n\t\t<\/div>\n\t\t\t\t\t<\/div>\n\t\t<\/section>\n\t\t\t\t<section class=\"elementor-section elementor-top-section elementor-element elementor-element-15d362c elementor-section-full_width elementor-section-height-default elementor-section-height-default\" data-id=\"15d362c\" data-element_type=\"section\" data-e-type=\"section\">\n\t\t\t\t\t\t<div class=\"elementor-container elementor-column-gap-default\">\n\t\t\t\t\t<div class=\"elementor-column elementor-col-100 elementor-top-column elementor-element elementor-element-719a240\" data-id=\"719a240\" data-element_type=\"column\" data-e-type=\"column\">\n\t\t\t<div class=\"elementor-widget-wrap elementor-element-populated\">\n\t\t\t\t\t\t<div class=\"elementor-element elementor-element-84de0bc elementor-widget elementor-widget-heading\" data-id=\"84de0bc\" data-element_type=\"widget\" data-e-type=\"widget\" data-widget_type=\"heading.default\">\n\t\t\t\t<div class=\"elementor-widget-container\">\n\t\t\t\t\t<h2 class=\"elementor-heading-title elementor-size-default\">Qu\u00e9 incluye la terapia hol\u00edstica\n<\/h2>\t\t\t\t<\/div>\n\t\t\t\t<\/div>\n\t\t\t\t<div class=\"elementor-element elementor-element-05879af elementor-widget elementor-widget-text-editor\" data-id=\"05879af\" data-element_type=\"widget\" data-e-type=\"widget\" data-widget_type=\"text-editor.default\">\n\t\t\t\t<div class=\"elementor-widget-container\">\n\t\t\t\t\t\t\t\t\t<p>La <b>nueva visi\u00f3n hol\u00edstica considera que la mente y el cuerpo est\u00e1n continuamente interconectados<\/b>: \u00f3rganos, aparatos, emociones, pensamientos, recuerdos, dialogan continuamente entre s\u00ed y se comunican con el mundo exterior a trav\u00e9s de los puntos neur\u00e1lgicos de nuestro sistema.<\/p>\t\t\t\t\t\t\t\t<\/div>\n\t\t\t\t<\/div>\n\t\t\t\t\t<\/div>\n\t\t<\/div>\n\t\t\t\t\t<\/div>\n\t\t<\/section>\n\t\t\t\t<section class=\"elementor-section elementor-top-section elementor-element elementor-element-ec0069a elementor-section-full_width elementor-section-height-default elementor-section-height-default\" data-id=\"ec0069a\" data-element_type=\"section\" data-e-type=\"section\">\n\t\t\t\t\t\t<div class=\"elementor-container elementor-column-gap-default\">\n\t\t\t\t\t<div class=\"elementor-column elementor-col-100 elementor-top-column elementor-element elementor-element-a2ad7cd\" data-id=\"a2ad7cd\" data-element_type=\"column\" data-e-type=\"column\">\n\t\t\t<div class=\"elementor-widget-wrap elementor-element-populated\">\n\t\t\t\t\t\t<section class=\"elementor-section elementor-inner-section elementor-element elementor-element-b918da5 elementor-section-full_width elementor-section-content-middle elementor-section-height-default elementor-section-height-default\" data-id=\"b918da5\" data-element_type=\"section\" data-e-type=\"section\">\n\t\t\t\t\t\t<div class=\"elementor-container elementor-column-gap-default\">\n\t\t\t\t\t<div class=\"elementor-column elementor-col-50 elementor-inner-column elementor-element elementor-element-d3ad4ff\" data-id=\"d3ad4ff\" data-element_type=\"column\" data-e-type=\"column\">\n\t\t\t<div class=\"elementor-widget-wrap elementor-element-populated\">\n\t\t\t\t\t\t<div class=\"elementor-element elementor-element-6f444e0 elementor-widget elementor-widget-image\" data-id=\"6f444e0\" data-element_type=\"widget\" data-e-type=\"widget\" data-widget_type=\"image.default\">\n\t\t\t\t<div class=\"elementor-widget-container\">\n\t\t\t\t\t\t\t\t\t\t\t\t\t\t\t<img decoding=\"async\" width=\"800\" height=\"534\" src=\"https:\/\/inmood.prodecopharma.com\/wp-content\/uploads\/2023\/10\/visione-olistica-intestino-1024x684.jpg\" class=\"attachment-large size-large wp-image-15470\" alt=\"uomo con dolori intestinali disteso sul divano\" srcset=\"https:\/\/inmood.prodecopharma.com\/wp-content\/uploads\/2023\/10\/visione-olistica-intestino-1024x684.jpg 1024w, https:\/\/inmood.prodecopharma.com\/wp-content\/uploads\/2023\/10\/visione-olistica-intestino-300x200.jpg 300w, https:\/\/inmood.prodecopharma.com\/wp-content\/uploads\/2023\/10\/visione-olistica-intestino-768x513.jpg 768w, https:\/\/inmood.prodecopharma.com\/wp-content\/uploads\/2023\/10\/visione-olistica-intestino-1536x1025.jpg 1536w, https:\/\/inmood.prodecopharma.com\/wp-content\/uploads\/2023\/10\/visione-olistica-intestino.jpg 1919w\" sizes=\"(max-width: 800px) 100vw, 800px\" \/>\t\t\t\t\t\t\t\t\t\t\t\t\t\t\t<\/div>\n\t\t\t\t<\/div>\n\t\t\t\t\t<\/div>\n\t\t<\/div>\n\t\t\t\t<div class=\"elementor-column elementor-col-50 elementor-inner-column elementor-element elementor-element-b1896e1\" data-id=\"b1896e1\" data-element_type=\"column\" data-e-type=\"column\">\n\t\t\t<div class=\"elementor-widget-wrap elementor-element-populated\">\n\t\t\t\t\t\t<div class=\"elementor-element elementor-element-4d3b6b2 elementor-widget elementor-widget-heading\" data-id=\"4d3b6b2\" data-element_type=\"widget\" data-e-type=\"widget\" data-widget_type=\"heading.default\">\n\t\t\t\t<div class=\"elementor-widget-container\">\n\t\t\t\t\t<h3 class=\"elementor-heading-title elementor-size-default\">  El papel del intestino\n<\/h3>\t\t\t\t<\/div>\n\t\t\t\t<\/div>\n\t\t\t\t<div class=\"elementor-element elementor-element-e46dde3 elementor-widget elementor-widget-text-editor\" data-id=\"e46dde3\" data-element_type=\"widget\" data-e-type=\"widget\" data-widget_type=\"text-editor.default\">\n\t\t\t\t<div class=\"elementor-widget-container\">\n\t\t\t\t\t\t\t\t\t<p>Estamos acostumbrados a considerar el intestino como un tubo por el que pasan los alimentos para ser seleccionados y absorbidos, una especie de cinta transportadora: \u00a1nada m\u00e1s <b>falso<\/b>!<\/p><p>Nuestro intestino, que empieza en la boca y termina en el ano, es un sistema complejo cuyas funciones act\u00faan en tres sistemas importantes: <strong>endocrino<\/strong>, <strong>inmunitario<\/strong> y <strong>nervioso<\/strong>.<\/p>\t\t\t\t\t\t\t\t<\/div>\n\t\t\t\t<\/div>\n\t\t\t\t\t<\/div>\n\t\t<\/div>\n\t\t\t\t\t<\/div>\n\t\t<\/section>\n\t\t\t\t<div class=\"elementor-element elementor-element-2a40b5d elementor-widget elementor-widget-text-editor\" data-id=\"2a40b5d\" data-element_type=\"widget\" data-e-type=\"widget\" data-widget_type=\"text-editor.default\">\n\t\t\t\t<div class=\"elementor-widget-container\">\n\t\t\t\t\t\t\t\t\t<p><span style=\"font-weight: 400;\">Una de sus especificidades es que alberga una poblaci\u00f3n bacteriana muy rica, la <\/span><b>microbiota, <\/b><span style=\"font-weight: 400;\">porque nuestro cuerpo no es autosuficiente y los microbios que lo habitan desempe\u00f1an m\u00faltiples funciones. <\/span><\/p><p><span style=\"font-weight: 400;\">Lo que comemos, cu\u00e1ndo comemos, cu\u00e1nto nos movemos, <\/span><b>tiene un impacto en la microbiota intestinal, <\/b><span style=\"font-weight: 400;\">ya que aumenta la presencia de bacterias buenas e incrementa la diversidad microbiana.<\/span><\/p><p><span style=\"font-weight: 400;\">Cerebro e intestino est\u00e1n en continua comunicaci\u00f3n y tenemos una prueba de ello en la relaci\u00f3n que podemos observar entre <\/span><b>el estr\u00e9s cr\u00f3nico y los trastornos funcionales del tracto gastrointestinal<\/b><span style=\"font-weight: 400;\">. Adem\u00e1s, el conjunto de microorganismos del intestino influye en la funci\u00f3n de las \u00e1reas cerebrales implicadas en las emociones, como si fuera un fertilizante que abona las neuronas.<\/span><\/p><p><span style=\"font-weight: 400;\">En resumen, el <\/span><b>intestino es una especie de espejo<\/b><span style=\"font-weight: 400;\"> que refleja todo el estilo de vida e incluye no s\u00f3lo los h\u00e1bitos nutricionales, sino tambi\u00e9n la actitud ante la vida, el ejercicio f\u00edsico, el uso de medicamentos y las condiciones ambientales. <\/span><\/p><p><span style=\"font-weight: 400;\">Se ha demostrado que se puede <\/span><b>actuar sobre el bienestar psicol\u00f3gico <\/b>tambi\u00e9n <a href=\"https:\/\/inmood.prodecopharma.com\/es\/linea-de-productos-inmood\/nuovamente\/\"><b>partiendo del equilibrio intestinal<\/b><\/a><span style=\"font-weight: 400;\">. <\/span><\/p>\t\t\t\t\t\t\t\t<\/div>\n\t\t\t\t<\/div>\n\t\t\t\t\t<\/div>\n\t\t<\/div>\n\t\t\t\t\t<\/div>\n\t\t<\/section>\n\t\t\t\t<section class=\"elementor-section elementor-top-section elementor-element elementor-element-472eda2 elementor-section-full_width elementor-section-height-default elementor-section-height-default\" data-id=\"472eda2\" data-element_type=\"section\" data-e-type=\"section\">\n\t\t\t\t\t\t<div class=\"elementor-container elementor-column-gap-default\">\n\t\t\t\t\t<div class=\"elementor-column elementor-col-100 elementor-top-column elementor-element elementor-element-f9db42d\" data-id=\"f9db42d\" data-element_type=\"column\" data-e-type=\"column\">\n\t\t\t<div class=\"elementor-widget-wrap elementor-element-populated\">\n\t\t\t\t\t\t<div class=\"elementor-element elementor-element-3067591 elementor-widget elementor-widget-heading\" data-id=\"3067591\" data-element_type=\"widget\" data-e-type=\"widget\" data-widget_type=\"heading.default\">\n\t\t\t\t<div class=\"elementor-widget-container\">\n\t\t\t\t\t<h3 class=\"elementor-heading-title elementor-size-default\">El papel del coraz\u00f3n<\/h3>\t\t\t\t<\/div>\n\t\t\t\t<\/div>\n\t\t\t\t<section class=\"elementor-section elementor-inner-section elementor-element elementor-element-c33aa35 elementor-section-full_width elementor-section-height-default elementor-section-height-default\" data-id=\"c33aa35\" data-element_type=\"section\" data-e-type=\"section\">\n\t\t\t\t\t\t<div class=\"elementor-container elementor-column-gap-default\">\n\t\t\t\t\t<div class=\"elementor-column elementor-col-50 elementor-inner-column elementor-element elementor-element-81dd31d\" data-id=\"81dd31d\" data-element_type=\"column\" data-e-type=\"column\">\n\t\t\t<div class=\"elementor-widget-wrap elementor-element-populated\">\n\t\t\t\t\t\t<div class=\"elementor-element elementor-element-2dba013 elementor-widget elementor-widget-text-editor\" data-id=\"2dba013\" data-element_type=\"widget\" data-e-type=\"widget\" data-widget_type=\"text-editor.default\">\n\t\t\t\t<div class=\"elementor-widget-container\">\n\t\t\t\t\t\t\t\t\t<p>El coraz\u00f3n no es s\u00f3lo una bomba hidr\u00e1ulica que empuja la sangre a trav\u00e9s del cuerpo. Esto tambi\u00e9n es, de hecho, un supuesto del modelo mecanicista del cuerpo como m\u00e1quina.<\/p><p>En realidad, ahora podemos reconocer una base neurol\u00f3gica para el pensamiento del <b>coraz\u00f3n<\/b>: <b>se comunica con el cerebro<\/b> ya sea mediante impulsos nerviosos, mediante hormonas como la oxitocina, el cortisol (la hormona del estr\u00e9s), mediante ondas de presi\u00f3n o electromagn\u00e9ticamente.<\/p>\t\t\t\t\t\t\t\t<\/div>\n\t\t\t\t<\/div>\n\t\t\t\t\t<\/div>\n\t\t<\/div>\n\t\t\t\t<div class=\"elementor-column elementor-col-50 elementor-inner-column elementor-element elementor-element-cdc99ae\" data-id=\"cdc99ae\" data-element_type=\"column\" data-e-type=\"column\">\n\t\t\t<div class=\"elementor-widget-wrap elementor-element-populated\">\n\t\t\t\t\t\t<div class=\"elementor-element elementor-element-a58cf15 elementor-widget elementor-widget-image\" data-id=\"a58cf15\" data-element_type=\"widget\" data-e-type=\"widget\" data-widget_type=\"image.default\">\n\t\t\t\t<div class=\"elementor-widget-container\">\n\t\t\t\t\t\t\t\t\t\t\t\t\t\t\t<img loading=\"lazy\" decoding=\"async\" width=\"800\" height=\"534\" src=\"https:\/\/inmood.prodecopharma.com\/wp-content\/uploads\/2023\/10\/battiti-del-cuore-1024x683.jpg\" class=\"attachment-large size-large wp-image-15471\" alt=\"persona che sente il proprio battito cardiaco sul polso\" srcset=\"https:\/\/inmood.prodecopharma.com\/wp-content\/uploads\/2023\/10\/battiti-del-cuore-1024x683.jpg 1024w, https:\/\/inmood.prodecopharma.com\/wp-content\/uploads\/2023\/10\/battiti-del-cuore-300x200.jpg 300w, https:\/\/inmood.prodecopharma.com\/wp-content\/uploads\/2023\/10\/battiti-del-cuore-768x512.jpg 768w, https:\/\/inmood.prodecopharma.com\/wp-content\/uploads\/2023\/10\/battiti-del-cuore-1536x1024.jpg 1536w, https:\/\/inmood.prodecopharma.com\/wp-content\/uploads\/2023\/10\/battiti-del-cuore.jpg 1620w\" sizes=\"(max-width: 800px) 100vw, 800px\" \/>\t\t\t\t\t\t\t\t\t\t\t\t\t\t\t<\/div>\n\t\t\t\t<\/div>\n\t\t\t\t\t<\/div>\n\t\t<\/div>\n\t\t\t\t\t<\/div>\n\t\t<\/section>\n\t\t\t\t<div class=\"elementor-element elementor-element-3ce70fe elementor-widget elementor-widget-text-editor\" data-id=\"3ce70fe\" data-element_type=\"widget\" data-e-type=\"widget\" data-widget_type=\"text-editor.default\">\n\t\t\t\t<div class=\"elementor-widget-container\">\n\t\t\t\t\t\t\t\t\t<p><span style=\"font-weight: 400;\">En la pr\u00e1ctica, el coraz\u00f3n es <\/span><b>nuestro generador m\u00e1s potente de frecuencias, <\/b><span style=\"font-weight: 400;\">las que informan al cerebro, as\u00ed como a todas las dem\u00e1s c\u00e9lulas de nuestro cuerpo, sobre c\u00f3mo nos sentimos.<\/span><\/p><p><span style=\"font-weight: 400;\">Los patrones r\u00edtmicos de los <\/span><b>latidos del coraz\u00f3n cambian<\/b><span style=\"font-weight: 400;\"> significativamente <\/span><b>cuando experimentamos distintas emociones<\/b><span style=\"font-weight: 400;\">.<\/span><span style=\"font-weight: 400;\"> A menudo, las largas jornadas laborales, los compromisos familiares, la multitud de obligaciones impuestas por nuestra sociedad, el establecimiento de objetivos demasiado ambiciosos, pueden generar una sobrecarga de los sistemas y, en particular, del coraz\u00f3n, alterando su frecuencia. <\/span><\/p><p><span style=\"font-weight: 400;\">Pero cada uno de nosotros puede <\/span><b>resincronizar<\/b><span style=\"font-weight: 400;\"> sus propios sistemas corporales y alcanzar un estado de <\/span><b>coherencia cardiaca<\/b><span style=\"font-weight: 400;\"> en el que el coraz\u00f3n muestre un modelo ondulatorio sinusoidal. La frecuencia respiratoria, la variabilidad del ritmo card\u00edaco y las variaciones instant\u00e1neas de la presi\u00f3n sangu\u00ednea intervienen en <\/span><b>alcanzar un equilibrio<\/b><span style=\"font-weight: 400;\">.<\/span><\/p>\t\t\t\t\t\t\t\t<\/div>\n\t\t\t\t<\/div>\n\t\t\t\t\t<\/div>\n\t\t<\/div>\n\t\t\t\t\t<\/div>\n\t\t<\/section>\n\t\t\t\t<section class=\"elementor-section elementor-top-section elementor-element elementor-element-767b151 elementor-section-full_width elementor-section-height-default elementor-section-height-default\" data-id=\"767b151\" data-element_type=\"section\" data-e-type=\"section\">\n\t\t\t\t\t\t<div class=\"elementor-container elementor-column-gap-default\">\n\t\t\t\t\t<div class=\"elementor-column elementor-col-100 elementor-top-column elementor-element elementor-element-d83adcb\" data-id=\"d83adcb\" data-element_type=\"column\" data-e-type=\"column\">\n\t\t\t<div class=\"elementor-widget-wrap elementor-element-populated\">\n\t\t\t\t\t\t<section class=\"elementor-section elementor-inner-section elementor-element elementor-element-9b8e5e6 elementor-section-full_width elementor-section-content-middle elementor-section-height-default elementor-section-height-default\" data-id=\"9b8e5e6\" data-element_type=\"section\" data-e-type=\"section\">\n\t\t\t\t\t\t<div class=\"elementor-container elementor-column-gap-default\">\n\t\t\t\t\t<div class=\"elementor-column elementor-col-50 elementor-inner-column elementor-element elementor-element-8935459\" data-id=\"8935459\" data-element_type=\"column\" data-e-type=\"column\">\n\t\t\t<div class=\"elementor-widget-wrap elementor-element-populated\">\n\t\t\t\t\t\t<div class=\"elementor-element elementor-element-1780fc0 elementor-widget elementor-widget-image\" data-id=\"1780fc0\" data-element_type=\"widget\" data-e-type=\"widget\" data-widget_type=\"image.default\">\n\t\t\t\t<div class=\"elementor-widget-container\">\n\t\t\t\t\t\t\t\t\t\t\t\t\t\t\t<img loading=\"lazy\" decoding=\"async\" width=\"800\" height=\"534\" src=\"https:\/\/inmood.prodecopharma.com\/wp-content\/uploads\/2023\/10\/ruolo-del-respiro-1024x683.jpg\" class=\"attachment-large size-large wp-image-15472\" alt=\"ragazza che respira nella natura\" srcset=\"https:\/\/inmood.prodecopharma.com\/wp-content\/uploads\/2023\/10\/ruolo-del-respiro-1024x683.jpg 1024w, https:\/\/inmood.prodecopharma.com\/wp-content\/uploads\/2023\/10\/ruolo-del-respiro-300x200.jpg 300w, https:\/\/inmood.prodecopharma.com\/wp-content\/uploads\/2023\/10\/ruolo-del-respiro-768x512.jpg 768w, https:\/\/inmood.prodecopharma.com\/wp-content\/uploads\/2023\/10\/ruolo-del-respiro-1536x1024.jpg 1536w, https:\/\/inmood.prodecopharma.com\/wp-content\/uploads\/2023\/10\/ruolo-del-respiro.jpg 1620w\" sizes=\"(max-width: 800px) 100vw, 800px\" \/>\t\t\t\t\t\t\t\t\t\t\t\t\t\t\t<\/div>\n\t\t\t\t<\/div>\n\t\t\t\t\t<\/div>\n\t\t<\/div>\n\t\t\t\t<div class=\"elementor-column elementor-col-50 elementor-inner-column elementor-element elementor-element-2fe0d16\" data-id=\"2fe0d16\" data-element_type=\"column\" data-e-type=\"column\">\n\t\t\t<div class=\"elementor-widget-wrap elementor-element-populated\">\n\t\t\t\t\t\t<div class=\"elementor-element elementor-element-7480b69 elementor-widget elementor-widget-heading\" data-id=\"7480b69\" data-element_type=\"widget\" data-e-type=\"widget\" data-widget_type=\"heading.default\">\n\t\t\t\t<div class=\"elementor-widget-container\">\n\t\t\t\t\t<h3 class=\"elementor-heading-title elementor-size-default\">El papel de la respiraci\u00f3n<\/h3>\t\t\t\t<\/div>\n\t\t\t\t<\/div>\n\t\t\t\t<div class=\"elementor-element elementor-element-e01f297 elementor-widget elementor-widget-text-editor\" data-id=\"e01f297\" data-element_type=\"widget\" data-e-type=\"widget\" data-widget_type=\"text-editor.default\">\n\t\t\t\t<div class=\"elementor-widget-container\">\n\t\t\t\t\t\t\t\t\t<p>Nuestra respiraci\u00f3n<b> se adapta continuamente a nuestra experiencia<\/b>, desde la nariz hasta los pulmones el aire avanza y completa el intercambio gaseoso entre el ox\u00edgeno y la sangre.<\/p><p>En un a\u00f1o respiramos <b>m\u00e1s de siete millones de veces<\/b> y nos sorprender\u00eda conocer el bajo porcentaje de respiraciones de las que somos conscientes o hemos controlado voluntariamente.<\/p>\t\t\t\t\t\t\t\t<\/div>\n\t\t\t\t<\/div>\n\t\t\t\t\t<\/div>\n\t\t<\/div>\n\t\t\t\t\t<\/div>\n\t\t<\/section>\n\t\t\t\t<div class=\"elementor-element elementor-element-a0f6f26 elementor-widget elementor-widget-text-editor\" data-id=\"a0f6f26\" data-element_type=\"widget\" data-e-type=\"widget\" data-widget_type=\"text-editor.default\">\n\t\t\t\t<div class=\"elementor-widget-container\">\n\t\t\t\t\t\t\t\t\t<p>Para la mayor\u00eda, <b>respirar es un proceso autom\u00e1tico <\/b>e inconsciente, ya que est\u00e1 controlado por el tronco encef\u00e1lico, pero sin embargo la respiraci\u00f3n tambi\u00e9n influye en nuestro cerebro.<\/p><p>Las investigaciones demuestran que <b>la respiraci\u00f3n<\/b> es uno de los elementos que <b>influyen en la din\u00e1mica neuronal<\/b>, en relaci\u00f3n con las emociones, la <a href=\"https:\/\/inmood.prodecopharma.com\/es\/linea-de-productos-inmood\/attivamente\/\" data-wplink-edit=\"true\">memoria y el aprendizaje.<\/a><\/p><p>La influencia de la respiraci\u00f3n en la din\u00e1mica neuronal puede modelarse voluntariamente, lo que <b>convierte<\/b> a <b>la respiraci\u00f3n en el acceso m\u00e1s directo y r\u00e1pido al cerebro.<\/b><\/p>\t\t\t\t\t\t\t\t<\/div>\n\t\t\t\t<\/div>\n\t\t\t\t\t<\/div>\n\t\t<\/div>\n\t\t\t\t\t<\/div>\n\t\t<\/section>\n\t\t\t\t<section class=\"elementor-section elementor-top-section elementor-element elementor-element-2aace71 elementor-section-full_width elementor-section-height-default elementor-section-height-default\" data-id=\"2aace71\" data-element_type=\"section\" data-e-type=\"section\">\n\t\t\t\t\t\t<div class=\"elementor-container elementor-column-gap-default\">\n\t\t\t\t\t<div class=\"elementor-column elementor-col-100 elementor-top-column elementor-element elementor-element-46537ea\" data-id=\"46537ea\" data-element_type=\"column\" data-e-type=\"column\">\n\t\t\t<div class=\"elementor-widget-wrap elementor-element-populated\">\n\t\t\t\t\t\t<div class=\"elementor-element elementor-element-d82d236 elementor-widget elementor-widget-heading\" data-id=\"d82d236\" data-element_type=\"widget\" data-e-type=\"widget\" data-widget_type=\"heading.default\">\n\t\t\t\t<div class=\"elementor-widget-container\">\n\t\t\t\t\t<h2 class=\"elementor-heading-title elementor-size-default\">Bienestar hol\u00edstico: tratar al paciente, no la enfermedad<\/h2>\t\t\t\t<\/div>\n\t\t\t\t<\/div>\n\t\t\t\t<section class=\"elementor-section elementor-inner-section elementor-element elementor-element-25702d7 elementor-section-full_width elementor-section-content-middle elementor-section-height-default elementor-section-height-default\" data-id=\"25702d7\" data-element_type=\"section\" data-e-type=\"section\">\n\t\t\t\t\t\t<div class=\"elementor-container elementor-column-gap-default\">\n\t\t\t\t\t<div class=\"elementor-column elementor-col-50 elementor-inner-column elementor-element elementor-element-fe3a280\" data-id=\"fe3a280\" data-element_type=\"column\" data-e-type=\"column\">\n\t\t\t<div class=\"elementor-widget-wrap elementor-element-populated\">\n\t\t\t\t\t\t<div class=\"elementor-element elementor-element-e2a9307 elementor-widget elementor-widget-text-editor\" data-id=\"e2a9307\" data-element_type=\"widget\" data-e-type=\"widget\" data-widget_type=\"text-editor.default\">\n\t\t\t\t<div class=\"elementor-widget-container\">\n\t\t\t\t\t\t\t\t\t<p><span style=\"font-weight: 400;\">Este breve resumen nos demuestra c\u00f3mo son de ricas y complejas las <\/span><b>relaciones entre la mente y el cuerpo<\/b><span style=\"font-weight: 400;\"> y esto, parad\u00f3jicamente, nos facilita a todos la posibilidad de intervenir en nuestra salud f\u00edsica y psicol\u00f3gica, tratando primero al paciente. <\/span><\/p>\t\t\t\t\t\t\t\t<\/div>\n\t\t\t\t<\/div>\n\t\t\t\t\t<\/div>\n\t\t<\/div>\n\t\t\t\t<div class=\"elementor-column elementor-col-50 elementor-inner-column elementor-element elementor-element-8f0cb12\" data-id=\"8f0cb12\" data-element_type=\"column\" data-e-type=\"column\">\n\t\t\t<div class=\"elementor-widget-wrap elementor-element-populated\">\n\t\t\t\t\t\t<div class=\"elementor-element elementor-element-cc5ab74 elementor-widget elementor-widget-image\" data-id=\"cc5ab74\" data-element_type=\"widget\" data-e-type=\"widget\" data-widget_type=\"image.default\">\n\t\t\t\t<div class=\"elementor-widget-container\">\n\t\t\t\t\t\t\t\t\t\t\t\t\t\t\t<img loading=\"lazy\" decoding=\"async\" width=\"800\" height=\"534\" src=\"https:\/\/inmood.prodecopharma.com\/wp-content\/uploads\/2023\/10\/cura-del-paziente-1024x683.jpg\" class=\"attachment-large size-large wp-image-15473\" alt=\"donna che assume gocce di prodotti naturali\" srcset=\"https:\/\/inmood.prodecopharma.com\/wp-content\/uploads\/2023\/10\/cura-del-paziente-1024x683.jpg 1024w, https:\/\/inmood.prodecopharma.com\/wp-content\/uploads\/2023\/10\/cura-del-paziente-300x200.jpg 300w, https:\/\/inmood.prodecopharma.com\/wp-content\/uploads\/2023\/10\/cura-del-paziente-768x512.jpg 768w, https:\/\/inmood.prodecopharma.com\/wp-content\/uploads\/2023\/10\/cura-del-paziente-1536x1024.jpg 1536w, https:\/\/inmood.prodecopharma.com\/wp-content\/uploads\/2023\/10\/cura-del-paziente.jpg 1620w\" sizes=\"(max-width: 800px) 100vw, 800px\" \/>\t\t\t\t\t\t\t\t\t\t\t\t\t\t\t<\/div>\n\t\t\t\t<\/div>\n\t\t\t\t\t<\/div>\n\t\t<\/div>\n\t\t\t\t\t<\/div>\n\t\t<\/section>\n\t\t\t\t<div class=\"elementor-element elementor-element-b30ce9e elementor-widget elementor-widget-text-editor\" data-id=\"b30ce9e\" data-element_type=\"widget\" data-e-type=\"widget\" data-widget_type=\"text-editor.default\">\n\t\t\t\t<div class=\"elementor-widget-container\">\n\t\t\t\t\t\t\t\t\t<p><span style=\"font-weight: 400;\">El <\/span><b>enfoque terap\u00e9utico<\/b><span style=\"font-weight: 400;\">,<\/span> <span style=\"font-weight: 400;\">incluso cuando se interviene en el aspecto psicol\u00f3gico, debe ser <\/span><b>lo m\u00e1s integrado posible, <\/b><span style=\"font-weight: 400;\">incluir el an\u00e1lisis del estilo de vida, comprobando c\u00f3mo funcionan los distintos sistemas (coraz\u00f3n, intestinos, respiraci\u00f3n, postura) y si el problema es funcional, es conveniente intentar aconsejar primero <\/span><a href=\"https:\/\/inmood.prodecopharma.com\/es\/linea-de-productos-inmood\/\" data-wplink-edit=\"true\"><span style=\"font-weight: 400;\">productos ecol\u00f3gicos y a base de extractos de vegetales<\/span><\/a><span style=\"font-weight: 400;\">, para educar y acompa\u00f1ar a los pacientes hacia <\/span><b>un camino de curaci\u00f3n y equilibrio<\/b><span style=\"font-weight: 400;\">.<\/span><\/p>\t\t\t\t\t\t\t\t<\/div>\n\t\t\t\t<\/div>\n\t\t\t\t\t<\/div>\n\t\t<\/div>\n\t\t\t\t\t<\/div>\n\t\t<\/section>\n\t\t\t\t<section class=\"elementor-section elementor-top-section elementor-element elementor-element-a63f4c3 elementor-section-full_width elementor-section-content-middle elementor-section-height-default elementor-section-height-default\" data-id=\"a63f4c3\" data-element_type=\"section\" data-e-type=\"section\">\n\t\t\t\t\t\t<div class=\"elementor-container elementor-column-gap-default\">\n\t\t\t\t\t<div class=\"elementor-column elementor-col-50 elementor-top-column elementor-element elementor-element-62c1514\" data-id=\"62c1514\" data-element_type=\"column\" data-e-type=\"column\">\n\t\t\t<div class=\"elementor-widget-wrap elementor-element-populated\">\n\t\t\t\t\t\t<div class=\"elementor-element elementor-element-282129d elementor-widget elementor-widget-image\" data-id=\"282129d\" data-element_type=\"widget\" data-e-type=\"widget\" data-widget_type=\"image.default\">\n\t\t\t\t<div class=\"elementor-widget-container\">\n\t\t\t\t\t\t\t\t\t\t\t\t\t\t\t<img loading=\"lazy\" decoding=\"async\" width=\"700\" height=\"700\" src=\"https:\/\/inmood.prodecopharma.com\/wp-content\/uploads\/2023\/07\/GIOVANNA-ROSSI.webp\" class=\"attachment-large size-large wp-image-15326\" alt=\"\" srcset=\"https:\/\/inmood.prodecopharma.com\/wp-content\/uploads\/2023\/07\/GIOVANNA-ROSSI.webp 700w, https:\/\/inmood.prodecopharma.com\/wp-content\/uploads\/2023\/07\/GIOVANNA-ROSSI-300x300.webp 300w, https:\/\/inmood.prodecopharma.com\/wp-content\/uploads\/2023\/07\/GIOVANNA-ROSSI-150x150.webp 150w\" sizes=\"(max-width: 700px) 100vw, 700px\" \/>\t\t\t\t\t\t\t\t\t\t\t\t\t\t\t<\/div>\n\t\t\t\t<\/div>\n\t\t\t\t\t<\/div>\n\t\t<\/div>\n\t\t\t\t<div class=\"elementor-column elementor-col-50 elementor-top-column elementor-element elementor-element-49ea4e0\" data-id=\"49ea4e0\" data-element_type=\"column\" data-e-type=\"column\">\n\t\t\t<div class=\"elementor-widget-wrap elementor-element-populated\">\n\t\t\t\t\t\t<div class=\"elementor-element elementor-element-8b2591d no-mb elementor-widget elementor-widget-text-editor\" data-id=\"8b2591d\" data-element_type=\"widget\" data-e-type=\"widget\" data-widget_type=\"text-editor.default\">\n\t\t\t\t<div class=\"elementor-widget-container\">\n\t\t\t\t\t\t\t\t\t<p><b>Giovanna Rossi<\/b><\/p>\t\t\t\t\t\t\t\t<\/div>\n\t\t\t\t<\/div>\n\t\t\t\t<div class=\"elementor-element elementor-element-5a72f98 no-mb elementor-widget elementor-widget-text-editor\" data-id=\"5a72f98\" data-element_type=\"widget\" data-e-type=\"widget\" data-widget_type=\"text-editor.default\">\n\t\t\t\t<div class=\"elementor-widget-container\">\n\t\t\t\t\t\t\t\t\t<p><b>Ginec\u00f3loga y Psicoterapeuta<\/b><b><br><\/b><\/p>\t\t\t\t\t\t\t\t<\/div>\n\t\t\t\t<\/div>\n\t\t\t\t<div class=\"elementor-element elementor-element-c2593c0 elementor-widget elementor-widget-text-editor\" data-id=\"c2593c0\" data-element_type=\"widget\" data-e-type=\"widget\" data-widget_type=\"text-editor.default\">\n\t\t\t\t<div class=\"elementor-widget-container\">\n\t\t\t\t\t\t\t\t\t<p><span style=\"font-weight: 400;\">Aborda los trastornos psicosom\u00e1ticos relacionados con problemas uroginecol\u00f3gicos, as\u00ed como las molestias vinculadas a las transiciones evolutivas de la mujer, seg\u00fan un enfoque hol\u00edstico y fitoterap\u00e9utico.<\/span><\/p>\t\t\t\t\t\t\t\t<\/div>\n\t\t\t\t<\/div>\n\t\t\t\t\t<\/div>\n\t\t<\/div>\n\t\t\t\t\t<\/div>\n\t\t<\/section>\n\t\t\t\t<\/div>\n\t\t","protected":false},"excerpt":{"rendered":"<p>\u00bfQu\u00e9 es la psicolog\u00eda hol\u00edstica? Lee el art\u00edculo para saber m\u00e1s sobre este enfoque terap\u00e9utico y descubrir las muchas ventajas que lo distinguen de los dem\u00e1s. <\/p>\n","protected":false},"author":3,"featured_media":15467,"comment_status":"closed","ping_status":"open","sticky":false,"template":"elementor_header_footer","format":"standard","meta":{"footnotes":""},"categories":[37],"tags":[],"class_list":["post-16379","post","type-post","status-publish","format-standard","has-post-thumbnail","hentry","category-ansiedad"],"yoast_head":"<!-- This site is optimized with the Yoast SEO plugin v27.5 - https:\/\/yoast.com\/product\/yoast-seo-wordpress\/ -->\n<title>Psicolog\u00eda hol\u00edstica: la visi\u00f3n de la medicina integrada - inMood<\/title>\n<meta name=\"description\" content=\"\u00bfQu\u00e9 es la psicolog\u00eda hol\u00edstica? Lee el art\u00edculo para saber m\u00e1s sobre este enfoque terap\u00e9utico y descubrir las muchas ventajas que lo distinguen de los dem\u00e1s.\" \/>\n<meta name=\"robots\" content=\"index, follow, max-snippet:-1, max-image-preview:large, max-video-preview:-1\" \/>\n<link rel=\"canonical\" href=\"https:\/\/inmood.prodecopharma.com\/es\/ansiedad\/psicologia-holistica-la-vision-de-la-medicina-integrada\/\" \/>\n<meta property=\"og:locale\" content=\"es_ES\" \/>\n<meta property=\"og:type\" content=\"article\" \/>\n<meta property=\"og:title\" content=\"Psicolog\u00eda hol\u00edstica: la visi\u00f3n de la medicina integrada - inMood\" \/>\n<meta property=\"og:description\" content=\"\u00bfQu\u00e9 es la psicolog\u00eda hol\u00edstica? Lee el art\u00edculo para saber m\u00e1s sobre este enfoque terap\u00e9utico y descubrir las muchas ventajas que lo distinguen de los dem\u00e1s.\" \/>\n<meta property=\"og:url\" content=\"https:\/\/inmood.prodecopharma.com\/es\/ansiedad\/psicologia-holistica-la-vision-de-la-medicina-integrada\/\" \/>\n<meta property=\"og:site_name\" content=\"inMood\" \/>\n<meta property=\"article:published_time\" content=\"2023-11-03T15:23:12+00:00\" \/>\n<meta property=\"article:modified_time\" content=\"2025-08-04T10:45:01+00:00\" \/>\n<meta property=\"og:image\" content=\"https:\/\/inmood.prodecopharma.com\/wp-content\/uploads\/2023\/10\/psicologia-olistica-1.jpg\" \/>\n\t<meta property=\"og:image:width\" content=\"1620\" \/>\n\t<meta property=\"og:image:height\" content=\"1082\" \/>\n\t<meta property=\"og:image:type\" content=\"image\/jpeg\" \/>\n<meta name=\"author\" content=\"Giulia Bellin\" \/>\n<meta name=\"twitter:card\" content=\"summary_large_image\" \/>\n<meta name=\"twitter:label1\" content=\"Escrito por\" \/>\n\t<meta name=\"twitter:data1\" content=\"Giulia Bellin\" \/>\n\t<meta name=\"twitter:label2\" content=\"Tiempo de lectura\" \/>\n\t<meta name=\"twitter:data2\" content=\"9 minutos\" \/>\n<script type=\"application\/ld+json\" class=\"yoast-schema-graph\">{\"@context\":\"https:\\\/\\\/schema.org\",\"@graph\":[{\"@type\":\"Article\",\"@id\":\"https:\\\/\\\/inmood.prodecopharma.com\\\/es\\\/ansiedad\\\/psicologia-holistica-la-vision-de-la-medicina-integrada\\\/#article\",\"isPartOf\":{\"@id\":\"https:\\\/\\\/inmood.prodecopharma.com\\\/es\\\/ansiedad\\\/psicologia-holistica-la-vision-de-la-medicina-integrada\\\/\"},\"author\":{\"name\":\"Giulia Bellin\",\"@id\":\"https:\\\/\\\/inmood.prodecopharma.com\\\/#\\\/schema\\\/person\\\/299a5ecdef431d248baabee630ece838\"},\"headline\":\"Psicolog\u00eda hol\u00edstica: la visi\u00f3n de la medicina integrada\",\"datePublished\":\"2023-11-03T15:23:12+00:00\",\"dateModified\":\"2025-08-04T10:45:01+00:00\",\"mainEntityOfPage\":{\"@id\":\"https:\\\/\\\/inmood.prodecopharma.com\\\/es\\\/ansiedad\\\/psicologia-holistica-la-vision-de-la-medicina-integrada\\\/\"},\"wordCount\":1662,\"publisher\":{\"@id\":\"https:\\\/\\\/inmood.prodecopharma.com\\\/#organization\"},\"image\":{\"@id\":\"https:\\\/\\\/inmood.prodecopharma.com\\\/es\\\/ansiedad\\\/psicologia-holistica-la-vision-de-la-medicina-integrada\\\/#primaryimage\"},\"thumbnailUrl\":\"https:\\\/\\\/inmood.prodecopharma.com\\\/wp-content\\\/uploads\\\/2023\\\/10\\\/psicologia-olistica-1.jpg\",\"articleSection\":[\"Ansiedad\"],\"inLanguage\":\"es\"},{\"@type\":\"WebPage\",\"@id\":\"https:\\\/\\\/inmood.prodecopharma.com\\\/es\\\/ansiedad\\\/psicologia-holistica-la-vision-de-la-medicina-integrada\\\/\",\"url\":\"https:\\\/\\\/inmood.prodecopharma.com\\\/es\\\/ansiedad\\\/psicologia-holistica-la-vision-de-la-medicina-integrada\\\/\",\"name\":\"Psicolog\u00eda hol\u00edstica: la visi\u00f3n de la medicina integrada - inMood\",\"isPartOf\":{\"@id\":\"https:\\\/\\\/inmood.prodecopharma.com\\\/#website\"},\"primaryImageOfPage\":{\"@id\":\"https:\\\/\\\/inmood.prodecopharma.com\\\/es\\\/ansiedad\\\/psicologia-holistica-la-vision-de-la-medicina-integrada\\\/#primaryimage\"},\"image\":{\"@id\":\"https:\\\/\\\/inmood.prodecopharma.com\\\/es\\\/ansiedad\\\/psicologia-holistica-la-vision-de-la-medicina-integrada\\\/#primaryimage\"},\"thumbnailUrl\":\"https:\\\/\\\/inmood.prodecopharma.com\\\/wp-content\\\/uploads\\\/2023\\\/10\\\/psicologia-olistica-1.jpg\",\"datePublished\":\"2023-11-03T15:23:12+00:00\",\"dateModified\":\"2025-08-04T10:45:01+00:00\",\"description\":\"\u00bfQu\u00e9 es la psicolog\u00eda hol\u00edstica? Lee el art\u00edculo para saber m\u00e1s sobre este enfoque terap\u00e9utico y descubrir las muchas ventajas que lo distinguen de los dem\u00e1s.\",\"breadcrumb\":{\"@id\":\"https:\\\/\\\/inmood.prodecopharma.com\\\/es\\\/ansiedad\\\/psicologia-holistica-la-vision-de-la-medicina-integrada\\\/#breadcrumb\"},\"inLanguage\":\"es\",\"potentialAction\":[{\"@type\":\"ReadAction\",\"target\":[\"https:\\\/\\\/inmood.prodecopharma.com\\\/es\\\/ansiedad\\\/psicologia-holistica-la-vision-de-la-medicina-integrada\\\/\"]}]},{\"@type\":\"ImageObject\",\"inLanguage\":\"es\",\"@id\":\"https:\\\/\\\/inmood.prodecopharma.com\\\/es\\\/ansiedad\\\/psicologia-holistica-la-vision-de-la-medicina-integrada\\\/#primaryimage\",\"url\":\"https:\\\/\\\/inmood.prodecopharma.com\\\/wp-content\\\/uploads\\\/2023\\\/10\\\/psicologia-olistica-1.jpg\",\"contentUrl\":\"https:\\\/\\\/inmood.prodecopharma.com\\\/wp-content\\\/uploads\\\/2023\\\/10\\\/psicologia-olistica-1.jpg\",\"width\":1620,\"height\":1082,\"caption\":\"psicologia olistica\"},{\"@type\":\"BreadcrumbList\",\"@id\":\"https:\\\/\\\/inmood.prodecopharma.com\\\/es\\\/ansiedad\\\/psicologia-holistica-la-vision-de-la-medicina-integrada\\\/#breadcrumb\",\"itemListElement\":[{\"@type\":\"ListItem\",\"position\":1,\"name\":\"Home\",\"item\":\"https:\\\/\\\/inmood.prodecopharma.com\\\/es\\\/\"},{\"@type\":\"ListItem\",\"position\":2,\"name\":\"Psicolog\u00eda hol\u00edstica: la visi\u00f3n de la medicina integrada\"}]},{\"@type\":\"WebSite\",\"@id\":\"https:\\\/\\\/inmood.prodecopharma.com\\\/#website\",\"url\":\"https:\\\/\\\/inmood.prodecopharma.com\\\/\",\"name\":\"inMood\",\"description\":\"\",\"publisher\":{\"@id\":\"https:\\\/\\\/inmood.prodecopharma.com\\\/#organization\"},\"potentialAction\":[{\"@type\":\"SearchAction\",\"target\":{\"@type\":\"EntryPoint\",\"urlTemplate\":\"https:\\\/\\\/inmood.prodecopharma.com\\\/?s={search_term_string}\"},\"query-input\":{\"@type\":\"PropertyValueSpecification\",\"valueRequired\":true,\"valueName\":\"search_term_string\"}}],\"inLanguage\":\"es\"},{\"@type\":\"Organization\",\"@id\":\"https:\\\/\\\/inmood.prodecopharma.com\\\/#organization\",\"name\":\"inMood\",\"url\":\"https:\\\/\\\/inmood.prodecopharma.com\\\/\",\"logo\":{\"@type\":\"ImageObject\",\"inLanguage\":\"es\",\"@id\":\"https:\\\/\\\/inmood.prodecopharma.com\\\/#\\\/schema\\\/logo\\\/image\\\/\",\"url\":\"https:\\\/\\\/inmood.prodecopharma.com\\\/wp-content\\\/uploads\\\/2023\\\/06\\\/Logo_inMood-negativo.webp\",\"contentUrl\":\"https:\\\/\\\/inmood.prodecopharma.com\\\/wp-content\\\/uploads\\\/2023\\\/06\\\/Logo_inMood-negativo.webp\",\"width\":842,\"height\":595,\"caption\":\"inMood\"},\"image\":{\"@id\":\"https:\\\/\\\/inmood.prodecopharma.com\\\/#\\\/schema\\\/logo\\\/image\\\/\"}},{\"@type\":\"Person\",\"@id\":\"https:\\\/\\\/inmood.prodecopharma.com\\\/#\\\/schema\\\/person\\\/299a5ecdef431d248baabee630ece838\",\"name\":\"Giulia Bellin\",\"image\":{\"@type\":\"ImageObject\",\"inLanguage\":\"es\",\"@id\":\"https:\\\/\\\/secure.gravatar.com\\\/avatar\\\/a5d0a33da5d54239e7e50249c89940c895f49ecb12a9cdb2daa3e73530b8a592?s=96&d=mm&r=g\",\"url\":\"https:\\\/\\\/secure.gravatar.com\\\/avatar\\\/a5d0a33da5d54239e7e50249c89940c895f49ecb12a9cdb2daa3e73530b8a592?s=96&d=mm&r=g\",\"contentUrl\":\"https:\\\/\\\/secure.gravatar.com\\\/avatar\\\/a5d0a33da5d54239e7e50249c89940c895f49ecb12a9cdb2daa3e73530b8a592?s=96&d=mm&r=g\",\"caption\":\"Giulia Bellin\"}}]}<\/script>\n<!-- \/ Yoast SEO plugin. -->","yoast_head_json":{"title":"Psicolog\u00eda hol\u00edstica: la visi\u00f3n de la medicina integrada - inMood","description":"\u00bfQu\u00e9 es la psicolog\u00eda hol\u00edstica? Lee el art\u00edculo para saber m\u00e1s sobre este enfoque terap\u00e9utico y descubrir las muchas ventajas que lo distinguen de los dem\u00e1s.","robots":{"index":"index","follow":"follow","max-snippet":"max-snippet:-1","max-image-preview":"max-image-preview:large","max-video-preview":"max-video-preview:-1"},"canonical":"https:\/\/inmood.prodecopharma.com\/es\/ansiedad\/psicologia-holistica-la-vision-de-la-medicina-integrada\/","og_locale":"es_ES","og_type":"article","og_title":"Psicolog\u00eda hol\u00edstica: la visi\u00f3n de la medicina integrada - inMood","og_description":"\u00bfQu\u00e9 es la psicolog\u00eda hol\u00edstica? Lee el art\u00edculo para saber m\u00e1s sobre este enfoque terap\u00e9utico y descubrir las muchas ventajas que lo distinguen de los dem\u00e1s.","og_url":"https:\/\/inmood.prodecopharma.com\/es\/ansiedad\/psicologia-holistica-la-vision-de-la-medicina-integrada\/","og_site_name":"inMood","article_published_time":"2023-11-03T15:23:12+00:00","article_modified_time":"2025-08-04T10:45:01+00:00","og_image":[{"width":1620,"height":1082,"url":"https:\/\/inmood.prodecopharma.com\/wp-content\/uploads\/2023\/10\/psicologia-olistica-1.jpg","type":"image\/jpeg"}],"author":"Giulia Bellin","twitter_card":"summary_large_image","twitter_misc":{"Escrito por":"Giulia Bellin","Tiempo de lectura":"9 minutos"},"schema":{"@context":"https:\/\/schema.org","@graph":[{"@type":"Article","@id":"https:\/\/inmood.prodecopharma.com\/es\/ansiedad\/psicologia-holistica-la-vision-de-la-medicina-integrada\/#article","isPartOf":{"@id":"https:\/\/inmood.prodecopharma.com\/es\/ansiedad\/psicologia-holistica-la-vision-de-la-medicina-integrada\/"},"author":{"name":"Giulia Bellin","@id":"https:\/\/inmood.prodecopharma.com\/#\/schema\/person\/299a5ecdef431d248baabee630ece838"},"headline":"Psicolog\u00eda hol\u00edstica: la visi\u00f3n de la medicina integrada","datePublished":"2023-11-03T15:23:12+00:00","dateModified":"2025-08-04T10:45:01+00:00","mainEntityOfPage":{"@id":"https:\/\/inmood.prodecopharma.com\/es\/ansiedad\/psicologia-holistica-la-vision-de-la-medicina-integrada\/"},"wordCount":1662,"publisher":{"@id":"https:\/\/inmood.prodecopharma.com\/#organization"},"image":{"@id":"https:\/\/inmood.prodecopharma.com\/es\/ansiedad\/psicologia-holistica-la-vision-de-la-medicina-integrada\/#primaryimage"},"thumbnailUrl":"https:\/\/inmood.prodecopharma.com\/wp-content\/uploads\/2023\/10\/psicologia-olistica-1.jpg","articleSection":["Ansiedad"],"inLanguage":"es"},{"@type":"WebPage","@id":"https:\/\/inmood.prodecopharma.com\/es\/ansiedad\/psicologia-holistica-la-vision-de-la-medicina-integrada\/","url":"https:\/\/inmood.prodecopharma.com\/es\/ansiedad\/psicologia-holistica-la-vision-de-la-medicina-integrada\/","name":"Psicolog\u00eda hol\u00edstica: la visi\u00f3n de la medicina integrada - inMood","isPartOf":{"@id":"https:\/\/inmood.prodecopharma.com\/#website"},"primaryImageOfPage":{"@id":"https:\/\/inmood.prodecopharma.com\/es\/ansiedad\/psicologia-holistica-la-vision-de-la-medicina-integrada\/#primaryimage"},"image":{"@id":"https:\/\/inmood.prodecopharma.com\/es\/ansiedad\/psicologia-holistica-la-vision-de-la-medicina-integrada\/#primaryimage"},"thumbnailUrl":"https:\/\/inmood.prodecopharma.com\/wp-content\/uploads\/2023\/10\/psicologia-olistica-1.jpg","datePublished":"2023-11-03T15:23:12+00:00","dateModified":"2025-08-04T10:45:01+00:00","description":"\u00bfQu\u00e9 es la psicolog\u00eda hol\u00edstica? Lee el art\u00edculo para saber m\u00e1s sobre este enfoque terap\u00e9utico y descubrir las muchas ventajas que lo distinguen de los dem\u00e1s.","breadcrumb":{"@id":"https:\/\/inmood.prodecopharma.com\/es\/ansiedad\/psicologia-holistica-la-vision-de-la-medicina-integrada\/#breadcrumb"},"inLanguage":"es","potentialAction":[{"@type":"ReadAction","target":["https:\/\/inmood.prodecopharma.com\/es\/ansiedad\/psicologia-holistica-la-vision-de-la-medicina-integrada\/"]}]},{"@type":"ImageObject","inLanguage":"es","@id":"https:\/\/inmood.prodecopharma.com\/es\/ansiedad\/psicologia-holistica-la-vision-de-la-medicina-integrada\/#primaryimage","url":"https:\/\/inmood.prodecopharma.com\/wp-content\/uploads\/2023\/10\/psicologia-olistica-1.jpg","contentUrl":"https:\/\/inmood.prodecopharma.com\/wp-content\/uploads\/2023\/10\/psicologia-olistica-1.jpg","width":1620,"height":1082,"caption":"psicologia olistica"},{"@type":"BreadcrumbList","@id":"https:\/\/inmood.prodecopharma.com\/es\/ansiedad\/psicologia-holistica-la-vision-de-la-medicina-integrada\/#breadcrumb","itemListElement":[{"@type":"ListItem","position":1,"name":"Home","item":"https:\/\/inmood.prodecopharma.com\/es\/"},{"@type":"ListItem","position":2,"name":"Psicolog\u00eda hol\u00edstica: la visi\u00f3n de la medicina integrada"}]},{"@type":"WebSite","@id":"https:\/\/inmood.prodecopharma.com\/#website","url":"https:\/\/inmood.prodecopharma.com\/","name":"inMood","description":"","publisher":{"@id":"https:\/\/inmood.prodecopharma.com\/#organization"},"potentialAction":[{"@type":"SearchAction","target":{"@type":"EntryPoint","urlTemplate":"https:\/\/inmood.prodecopharma.com\/?s={search_term_string}"},"query-input":{"@type":"PropertyValueSpecification","valueRequired":true,"valueName":"search_term_string"}}],"inLanguage":"es"},{"@type":"Organization","@id":"https:\/\/inmood.prodecopharma.com\/#organization","name":"inMood","url":"https:\/\/inmood.prodecopharma.com\/","logo":{"@type":"ImageObject","inLanguage":"es","@id":"https:\/\/inmood.prodecopharma.com\/#\/schema\/logo\/image\/","url":"https:\/\/inmood.prodecopharma.com\/wp-content\/uploads\/2023\/06\/Logo_inMood-negativo.webp","contentUrl":"https:\/\/inmood.prodecopharma.com\/wp-content\/uploads\/2023\/06\/Logo_inMood-negativo.webp","width":842,"height":595,"caption":"inMood"},"image":{"@id":"https:\/\/inmood.prodecopharma.com\/#\/schema\/logo\/image\/"}},{"@type":"Person","@id":"https:\/\/inmood.prodecopharma.com\/#\/schema\/person\/299a5ecdef431d248baabee630ece838","name":"Giulia Bellin","image":{"@type":"ImageObject","inLanguage":"es","@id":"https:\/\/secure.gravatar.com\/avatar\/a5d0a33da5d54239e7e50249c89940c895f49ecb12a9cdb2daa3e73530b8a592?s=96&d=mm&r=g","url":"https:\/\/secure.gravatar.com\/avatar\/a5d0a33da5d54239e7e50249c89940c895f49ecb12a9cdb2daa3e73530b8a592?s=96&d=mm&r=g","contentUrl":"https:\/\/secure.gravatar.com\/avatar\/a5d0a33da5d54239e7e50249c89940c895f49ecb12a9cdb2daa3e73530b8a592?s=96&d=mm&r=g","caption":"Giulia Bellin"}}]}},"_links":{"self":[{"href":"https:\/\/inmood.prodecopharma.com\/es\/wp-json\/wp\/v2\/posts\/16379","targetHints":{"allow":["GET"]}}],"collection":[{"href":"https:\/\/inmood.prodecopharma.com\/es\/wp-json\/wp\/v2\/posts"}],"about":[{"href":"https:\/\/inmood.prodecopharma.com\/es\/wp-json\/wp\/v2\/types\/post"}],"author":[{"embeddable":true,"href":"https:\/\/inmood.prodecopharma.com\/es\/wp-json\/wp\/v2\/users\/3"}],"replies":[{"embeddable":true,"href":"https:\/\/inmood.prodecopharma.com\/es\/wp-json\/wp\/v2\/comments?post=16379"}],"version-history":[{"count":0,"href":"https:\/\/inmood.prodecopharma.com\/es\/wp-json\/wp\/v2\/posts\/16379\/revisions"}],"wp:featuredmedia":[{"embeddable":true,"href":"https:\/\/inmood.prodecopharma.com\/es\/wp-json\/wp\/v2\/media\/15467"}],"wp:attachment":[{"href":"https:\/\/inmood.prodecopharma.com\/es\/wp-json\/wp\/v2\/media?parent=16379"}],"wp:term":[{"taxonomy":"category","embeddable":true,"href":"https:\/\/inmood.prodecopharma.com\/es\/wp-json\/wp\/v2\/categories?post=16379"},{"taxonomy":"post_tag","embeddable":true,"href":"https:\/\/inmood.prodecopharma.com\/es\/wp-json\/wp\/v2\/tags?post=16379"}],"curies":[{"name":"wp","href":"https:\/\/api.w.org\/{rel}","templated":true}]}}